{"id":86,"date":"2024-05-20T00:34:02","date_gmt":"2024-05-19T22:34:02","guid":{"rendered":"https:\/\/solidarite-phoceenne-provencale.fr\/?p=86"},"modified":"2024-10-18T00:19:56","modified_gmt":"2024-10-17T22:19:56","slug":"assemblee-generale-2024","status":"publish","type":"post","link":"https:\/\/solidarite-phoceenne-provencale.fr\/index.php\/2024\/05\/20\/assemblee-generale-2024\/","title":{"rendered":"Assembl\u00e9e g\u00e9n\u00e9rale 2024"},"content":{"rendered":"\n<p>Au nom des membres du Conseil d\u2019Administration, je tiens \u00e0 remercier les membres pr\u00e9sents lors de notre 54<sup>\u00e8me<\/sup>\u00a0Assembl\u00e9e G\u00e9n\u00e9rale Ordinaire et Extraordinaire du 18 mai 2024.<\/p>\n\n\n\n<p>Merci pour la confiance et le soutien sans faille \u00e0 la suite de la pr\u00e9sentation du compte rendu moral de notre activit\u00e9 et celui de la gestion financi\u00e8re de notre Association pour l\u2019ann\u00e9e 2023.<\/p>\n\n\n\n<p>Le pr\u00e9sident, Alain Roques<\/p>\n\n\n\n<p><\/p>\n","protected":false},"excerpt":{"rendered":"<p>Au nom des membres du Conseil d\u2019Administration, je tiens \u00e0 remercier les membres pr\u00e9sents lors de notre 54\u00e8me\u00a0Assembl\u00e9e G\u00e9n\u00e9rale Ordinaire et Extraordinaire du 18 mai 2024. Merci pour la confiance et le soutien sans faille \u00e0 la suite de la pr\u00e9sentation du compte rendu moral de notre activit\u00e9 et celui de la gestion financi\u00e8re de &hellip; <\/p>\n<p class=\"link-more\"><a href=\"https:\/\/solidarite-phoceenne-provencale.fr\/index.php\/2024\/05\/20\/assemblee-generale-2024\/\" class=\"more-link\">Continuer la lecture<span class=\"screen-reader-text\"> de &laquo;&nbsp;Assembl\u00e9e g\u00e9n\u00e9rale 2024&nbsp;&raquo;<\/span><\/a><\/p>\n","protected":false},"author":4,"featured_media":0,"comment_status":"open","ping_status":"open","sticky":false,"template":"","format":"standard","meta":{"advanced_seo_description":"","jetpack_seo_html_title":"","jetpack_seo_noindex":false,"_jetpack_memberships_contains_paid_content":false,"footnotes":""},"categories":[1],"tags":[],"class_list":["post-86","post","type-post","status-publish","format-standard","hentry","category-non-classe"],"jetpack_featured_media_url":"","jetpack_sharing_enabled":true,"_links":{"self":[{"href":"https:\/\/solidarite-phoceenne-provencale.fr\/index.php\/wp-json\/wp\/v2\/posts\/86","targetHints":{"allow":["GET"]}}],"collection":[{"href":"https:\/\/solidarite-phoceenne-provencale.fr\/index.php\/wp-json\/wp\/v2\/posts"}],"about":[{"href":"https:\/\/solidarite-phoceenne-provencale.fr\/index.php\/wp-json\/wp\/v2\/types\/post"}],"author":[{"embeddable":true,"href":"https:\/\/solidarite-phoceenne-provencale.fr\/index.php\/wp-json\/wp\/v2\/users\/4"}],"replies":[{"embeddable":true,"href":"https:\/\/solidarite-phoceenne-provencale.fr\/index.php\/wp-json\/wp\/v2\/comments?post=86"}],"version-history":[{"count":0,"href":"https:\/\/solidarite-phoceenne-provencale.fr\/index.php\/wp-json\/wp\/v2\/posts\/86\/revisions"}],"wp:attachment":[{"href":"https:\/\/solidarite-phoceenne-provencale.fr\/index.php\/wp-json\/wp\/v2\/media?parent=86"}],"wp:term":[{"taxonomy":"category","embeddable":true,"href":"https:\/\/solidarite-phoceenne-provencale.fr\/index.php\/wp-json\/wp\/v2\/categories?post=86"},{"taxonomy":"post_tag","embeddable":true,"href":"https:\/\/solidarite-phoceenne-provencale.fr\/index.php\/wp-json\/wp\/v2\/tags?post=86"}],"curies":[{"name":"wp","href":"https:\/\/api.w.org\/{rel}","templated":true}]}}