{"id":4,"name":"Jean-Pierre Pallar\u00e9a","url":"","description":"Compte du webmaster, fonction assur\u00e9e provisoirement et b\u00e9n\u00e9volement par Jean-Pierre Pallar\u00e9a","link":"https:\/\/solidarite-phoceenne-provencale.fr\/index.php\/author\/jpp\/","slug":"jpp","avatar_urls":{"24":"https:\/\/secure.gravatar.com\/avatar\/f976e739ecf22a5754e63afbc30fc884e6221215f730b9f1ecdbbd233cf4c40e?s=24&d=mm&r=g","48":"https:\/\/secure.gravatar.com\/avatar\/f976e739ecf22a5754e63afbc30fc884e6221215f730b9f1ecdbbd233cf4c40e?s=48&d=mm&r=g","96":"https:\/\/secure.gravatar.com\/avatar\/f976e739ecf22a5754e63afbc30fc884e6221215f730b9f1ecdbbd233cf4c40e?s=96&d=mm&r=g"},"meta":{"jetpack_donation_warning_dismissed":false},"_links":{"self":[{"href":"https:\/\/solidarite-phoceenne-provencale.fr\/index.php\/wp-json\/wp\/v2\/users\/4","targetHints":{"allow":["GET"]}}],"collection":[{"href":"https:\/\/solidarite-phoceenne-provencale.fr\/index.php\/wp-json\/wp\/v2\/users"}]}}